
{"id":2245,"date":"2019-12-09T09:40:27","date_gmt":"2019-12-09T08:40:27","guid":{"rendered":"http:\/\/maly-sportowiec.pl\/?p=2245"},"modified":"2021-04-08T08:13:42","modified_gmt":"2021-04-08T06:13:42","slug":"swiateczne-spotkanie-z-dziadkiem-bachem-za-nami-d","status":"publish","type":"post","link":"https:\/\/przedszkole136.edu.wroclaw.pl\/index.php\/2019\/12\/09\/swiateczne-spotkanie-z-dziadkiem-bachem-za-nami-d\/","title":{"rendered":"\u015awi\u0105teczne spotkanie z Dziadkiem Bach&#8217;em za nami :D"},"content":{"rendered":"<p>\t\t\t\t<img loading=\"lazy\" decoding=\"async\" class=\"size-medium wp-image-2255 alignleft\" src=\"http:\/\/maly-sportowiec.pl\/wp-content\/uploads\/2019\/12\/IMG_20191202_105951-1-300x225.jpg\" alt=\"\" width=\"300\" height=\"225\" \/>2.12 kolejny raz odwiedzi\u0142 nas niezast\u0105piony Dziadek Bach. Tym razem bez instrument\u00f3w, ale za to z niesamowitym elfem, kt\u00f3ry na codzie\u0144 pi\u0119knie \u015bpiewa w Operze Wroc\u0142awskiej BASEM. Dzieci wraz z Elfem oraz Dziadkiem Bachem za\u015bpiewa\u0142y piosenki o Miko\u0142aju, przypomnieli kol\u0119dy oraz zaprezentowali inscenizacj\u0119 \u015bwi\u0105teczn\u0105. Poniewa\u017c by\u0142o to ostatnie spotkanie przed \u015bwi\u0119tami nasz Dziadek Bach, \u017cyczy wszystkim rodzicom i dzieciom ju\u017c teraz WESO\u0141YCH \u015aWI\u0104T:D<\/p>\n<p>&nbsp;\t\t<\/p>\n","protected":false},"excerpt":{"rendered":"<p>2.12 kolejny raz odwiedzi\u0142 nas niezast\u0105piony Dziadek Bach. Tym razem bez instrument\u00f3w, ale za to z niesamowitym elfem, kt\u00f3ry na codzie\u0144 pi\u0119knie \u015bpiewa w Operze Wroc\u0142awskiej BASEM. Dzieci wraz z [&hellip;]<\/p>\n","protected":false},"author":190,"featured_media":2280,"comment_status":"open","ping_status":"open","sticky":false,"template":"","format":"standard","meta":{"ngg_post_thumbnail":0,"footnotes":""},"categories":[1],"tags":[],"class_list":["post-2245","post","type-post","status-publish","format-standard","has-post-thumbnail","hentry","category-aktualnosci","clearfix"],"_links":{"self":[{"href":"https:\/\/przedszkole136.edu.wroclaw.pl\/index.php\/wp-json\/wp\/v2\/posts\/2245","targetHints":{"allow":["GET"]}}],"collection":[{"href":"https:\/\/przedszkole136.edu.wroclaw.pl\/index.php\/wp-json\/wp\/v2\/posts"}],"about":[{"href":"https:\/\/przedszkole136.edu.wroclaw.pl\/index.php\/wp-json\/wp\/v2\/types\/post"}],"author":[{"embeddable":true,"href":"https:\/\/przedszkole136.edu.wroclaw.pl\/index.php\/wp-json\/wp\/v2\/users\/190"}],"replies":[{"embeddable":true,"href":"https:\/\/przedszkole136.edu.wroclaw.pl\/index.php\/wp-json\/wp\/v2\/comments?post=2245"}],"version-history":[{"count":1,"href":"https:\/\/przedszkole136.edu.wroclaw.pl\/index.php\/wp-json\/wp\/v2\/posts\/2245\/revisions"}],"predecessor-version":[{"id":4210,"href":"https:\/\/przedszkole136.edu.wroclaw.pl\/index.php\/wp-json\/wp\/v2\/posts\/2245\/revisions\/4210"}],"wp:featuredmedia":[{"embeddable":true,"href":"https:\/\/przedszkole136.edu.wroclaw.pl\/index.php\/wp-json\/"}],"wp:attachment":[{"href":"https:\/\/przedszkole136.edu.wroclaw.pl\/index.php\/wp-json\/wp\/v2\/media?parent=2245"}],"wp:term":[{"taxonomy":"category","embeddable":true,"href":"https:\/\/przedszkole136.edu.wroclaw.pl\/index.php\/wp-json\/wp\/v2\/categories?post=2245"},{"taxonomy":"post_tag","embeddable":true,"href":"https:\/\/przedszkole136.edu.wroclaw.pl\/index.php\/wp-json\/wp\/v2\/tags?post=2245"}],"curies":[{"name":"wp","href":"https:\/\/api.w.org\/{rel}","templated":true}]}}