
{"id":2108,"date":"2019-11-07T13:48:26","date_gmt":"2019-11-07T12:48:26","guid":{"rendered":"http:\/\/maly-sportowiec.pl\/?p=2108"},"modified":"2021-04-08T08:13:57","modified_gmt":"2021-04-08T06:13:57","slug":"narodowe-swieto-niepodleglosci","status":"publish","type":"post","link":"https:\/\/przedszkole136.edu.wroclaw.pl\/index.php\/2019\/11\/07\/narodowe-swieto-niepodleglosci\/","title":{"rendered":"Narodowe \u015awi\u0119to Niepodleg\u0142o\u015bci"},"content":{"rendered":"<p>\t\t\t\t8 listopada w naszym przedszkolu odb\u0119dzie si\u0119 uroczysta akademia z okazji \u015awi\u0119ta Niepodleg\u0142o\u015bci. Prosimy Rodzic\u00f3w o ubranie dzieci w od\u015bwi\u0119tne stroje:<br \/>\n&#8211; dziewczynki: bia\u0142a bluzeczka i rajstopy, ciemna sp\u00f3dnica;<br \/>\n&#8211; ch\u0142opcy: bia\u0142a koszula, ciemne spodnie.<br \/>\nDzi\u0119kujemy\t\t<\/p>\n","protected":false},"excerpt":{"rendered":"<p>8 listopada w naszym przedszkolu odb\u0119dzie si\u0119 uroczysta akademia z okazji \u015awi\u0119ta Niepodleg\u0142o\u015bci. Prosimy Rodzic\u00f3w o ubranie dzieci w od\u015bwi\u0119tne stroje: &#8211; dziewczynki: bia\u0142a bluzeczka i rajstopy, ciemna sp\u00f3dnica; &#8211; [&hellip;]<\/p>\n","protected":false},"author":190,"featured_media":2109,"comment_status":"open","ping_status":"open","sticky":false,"template":"","format":"standard","meta":{"ngg_post_thumbnail":0,"footnotes":""},"categories":[1],"tags":[],"class_list":["post-2108","post","type-post","status-publish","format-standard","has-post-thumbnail","hentry","category-aktualnosci","clearfix"],"_links":{"self":[{"href":"https:\/\/przedszkole136.edu.wroclaw.pl\/index.php\/wp-json\/wp\/v2\/posts\/2108","targetHints":{"allow":["GET"]}}],"collection":[{"href":"https:\/\/przedszkole136.edu.wroclaw.pl\/index.php\/wp-json\/wp\/v2\/posts"}],"about":[{"href":"https:\/\/przedszkole136.edu.wroclaw.pl\/index.php\/wp-json\/wp\/v2\/types\/post"}],"author":[{"embeddable":true,"href":"https:\/\/przedszkole136.edu.wroclaw.pl\/index.php\/wp-json\/wp\/v2\/users\/190"}],"replies":[{"embeddable":true,"href":"https:\/\/przedszkole136.edu.wroclaw.pl\/index.php\/wp-json\/wp\/v2\/comments?post=2108"}],"version-history":[{"count":1,"href":"https:\/\/przedszkole136.edu.wroclaw.pl\/index.php\/wp-json\/wp\/v2\/posts\/2108\/revisions"}],"predecessor-version":[{"id":4230,"href":"https:\/\/przedszkole136.edu.wroclaw.pl\/index.php\/wp-json\/wp\/v2\/posts\/2108\/revisions\/4230"}],"wp:featuredmedia":[{"embeddable":true,"href":"https:\/\/przedszkole136.edu.wroclaw.pl\/index.php\/wp-json\/"}],"wp:attachment":[{"href":"https:\/\/przedszkole136.edu.wroclaw.pl\/index.php\/wp-json\/wp\/v2\/media?parent=2108"}],"wp:term":[{"taxonomy":"category","embeddable":true,"href":"https:\/\/przedszkole136.edu.wroclaw.pl\/index.php\/wp-json\/wp\/v2\/categories?post=2108"},{"taxonomy":"post_tag","embeddable":true,"href":"https:\/\/przedszkole136.edu.wroclaw.pl\/index.php\/wp-json\/wp\/v2\/tags?post=2108"}],"curies":[{"name":"wp","href":"https:\/\/api.w.org\/{rel}","templated":true}]}}