
{"id":2078,"date":"2019-11-04T13:21:07","date_gmt":"2019-11-04T12:21:07","guid":{"rendered":"http:\/\/maly-sportowiec.pl\/?p=2078"},"modified":"2021-04-08T08:13:57","modified_gmt":"2021-04-08T06:13:57","slug":"maly-sportowiec-kontra-zielona-laka","status":"publish","type":"post","link":"https:\/\/przedszkole136.edu.wroclaw.pl\/index.php\/2019\/11\/04\/maly-sportowiec-kontra-zielona-laka\/","title":{"rendered":"&#8222;Ma\u0142y Sportowiec&#8221; kontra &#8221; Zielona \u0141\u0105ka&#8221;"},"content":{"rendered":"<div class=\"_4tdt _ua1\">\n<div class=\"_ua2\">\n<div class=\"_4tdv\">\n<div class=\"_5wd4 _1nc7\">\n<div class=\"._1dlq _h8t\">\n<div class=\"_5wd9 direction_ltr clearfix\">\n<div class=\"_1e-x _n4o\">\n<div class=\"_3_bl\">\n<div class=\"_5w1r _3_om _5wdf\">\n<div class=\"_4gx_\">\n<div class=\"_1aa6\">\n<div class=\"\"><span class=\"_5yl5\"><img loading=\"lazy\" decoding=\"async\" class=\"size-medium wp-image-2080 alignleft\" src=\"http:\/\/maly-sportowiec.pl\/wp-content\/uploads\/2019\/11\/74789167_961196127570969_184224577688174592_n-300x225.jpg\" alt=\"\" width=\"300\" height=\"225\" \/>16.10 na zaproszenie w ramach wsp\u00f3\u0142pracy mi\u0119dzy przedszkolnej odpowiedzia\u0142a grupa &#8222;Tulipanki z Przedszkola nr 119. Wraz z grup\u0105 &#8222;Ma\u0142ych kolarzy&#8221; uczestniczyli w zabawach sportowych zorganizowanych przez Pana \u0141ukasza. Dzieci zacz\u0119\u0142y od wsp\u00f3lnej rozgrzewki po czym przyst\u0105pi\u0142y do zawod\u00f3w zespo\u0142owych. Rywalizacja odbywa\u0142a si\u0119 w formie wy\u015bcig\u00f3w rz\u0119d\u00f3w i weryfikowa\u0142a r\u00f3\u017cne sprawno\u015bci. By\u0142o to <\/span>\u00a0jedno z pierwszych\u00a0 spotka\u0144 w tym roku szkolnym, a nast\u0119pne odb\u0119d\u0105 si\u0119 nied\u0142ugo.<\/div>\n<\/div>\n<\/div>\n<\/div>\n<\/div>\n<\/div>\n<\/div>\n<\/div>\n<\/div>\n<\/div>\n<\/div>\n<\/div>\n<div class=\"_4tdt _ua1\">\n<div class=\"_ua2\">\n<div class=\"_4tdv\">\n<div class=\"_5wd4 _1nc7 _2cnu\">\n<div class=\"._1dlq _h8t\">\n<div class=\"_5wd9 direction_ltr clearfix\">\n<div class=\"_1e-x _n4o\"><\/div>\n<\/div>\n<\/div>\n<\/div>\n<\/div>\n<\/div>\n<\/div>\n","protected":false},"excerpt":{"rendered":"<p>16.10 na zaproszenie w ramach wsp\u00f3\u0142pracy mi\u0119dzy przedszkolnej odpowiedzia\u0142a grupa &#8222;Tulipanki z Przedszkola nr 119. Wraz z grup\u0105 &#8222;Ma\u0142ych kolarzy&#8221; uczestniczyli w zabawach sportowych zorganizowanych przez Pana \u0141ukasza. Dzieci zacz\u0119\u0142y [&hellip;]<\/p>\n","protected":false},"author":190,"featured_media":2079,"comment_status":"open","ping_status":"open","sticky":false,"template":"","format":"standard","meta":{"ngg_post_thumbnail":0,"footnotes":""},"categories":[1],"tags":[],"class_list":["post-2078","post","type-post","status-publish","format-standard","has-post-thumbnail","hentry","category-aktualnosci","clearfix"],"_links":{"self":[{"href":"https:\/\/przedszkole136.edu.wroclaw.pl\/index.php\/wp-json\/wp\/v2\/posts\/2078","targetHints":{"allow":["GET"]}}],"collection":[{"href":"https:\/\/przedszkole136.edu.wroclaw.pl\/index.php\/wp-json\/wp\/v2\/posts"}],"about":[{"href":"https:\/\/przedszkole136.edu.wroclaw.pl\/index.php\/wp-json\/wp\/v2\/types\/post"}],"author":[{"embeddable":true,"href":"https:\/\/przedszkole136.edu.wroclaw.pl\/index.php\/wp-json\/wp\/v2\/users\/190"}],"replies":[{"embeddable":true,"href":"https:\/\/przedszkole136.edu.wroclaw.pl\/index.php\/wp-json\/wp\/v2\/comments?post=2078"}],"version-history":[{"count":1,"href":"https:\/\/przedszkole136.edu.wroclaw.pl\/index.php\/wp-json\/wp\/v2\/posts\/2078\/revisions"}],"predecessor-version":[{"id":4234,"href":"https:\/\/przedszkole136.edu.wroclaw.pl\/index.php\/wp-json\/wp\/v2\/posts\/2078\/revisions\/4234"}],"wp:featuredmedia":[{"embeddable":true,"href":"https:\/\/przedszkole136.edu.wroclaw.pl\/index.php\/wp-json\/"}],"wp:attachment":[{"href":"https:\/\/przedszkole136.edu.wroclaw.pl\/index.php\/wp-json\/wp\/v2\/media?parent=2078"}],"wp:term":[{"taxonomy":"category","embeddable":true,"href":"https:\/\/przedszkole136.edu.wroclaw.pl\/index.php\/wp-json\/wp\/v2\/categories?post=2078"},{"taxonomy":"post_tag","embeddable":true,"href":"https:\/\/przedszkole136.edu.wroclaw.pl\/index.php\/wp-json\/wp\/v2\/tags?post=2078"}],"curies":[{"name":"wp","href":"https:\/\/api.w.org\/{rel}","templated":true}]}}