
{"id":2054,"date":"2019-10-28T05:24:58","date_gmt":"2019-10-28T04:24:58","guid":{"rendered":"http:\/\/maly-sportowiec.pl\/?p=2054"},"modified":"2021-04-08T08:13:57","modified_gmt":"2021-04-08T06:13:57","slug":"jesienne-porzadki","status":"publish","type":"post","link":"https:\/\/przedszkole136.edu.wroclaw.pl\/index.php\/2019\/10\/28\/jesienne-porzadki\/","title":{"rendered":"JESIENNE PORZ\u0104DKI"},"content":{"rendered":"<h1 style=\"text-align: center\"><strong>Dzi\u0119kujemy<\/strong> wszystkim,kt\u00f3rzy tak licznie uczestniczyli w pi\u0105tek <strong>25.10.2019<\/strong> r. w czynie spo\u0142ecznym na terenie ogrodu przedszkolnego.Efekty wsp\u00f3lnej pracy s\u0105 widoczne. Dzi\u0119kujemy, cieszymy si\u0119 ze wsp\u00f3\u0142pracy i liczymy na dalsza pomoc w podejmowaniu dzia\u0142a\u0144 dla dobra nas wszystkich, a szczeg\u00f3lnie naszych dzieci.<\/h1>\n<h1 style=\"text-align: center\">Dyrektor, Personel Przedszkola oraz Rada Rodzic\u00f3w.<\/h1>\n","protected":false},"excerpt":{"rendered":"<p>Dzi\u0119kujemy wszystkim,kt\u00f3rzy tak licznie uczestniczyli w pi\u0105tek 25.10.2019 r. w czynie spo\u0142ecznym na terenie ogrodu przedszkolnego.Efekty wsp\u00f3lnej pracy s\u0105 widoczne. Dzi\u0119kujemy, cieszymy si\u0119 ze wsp\u00f3\u0142pracy i liczymy na dalsza pomoc [&hellip;]<\/p>\n","protected":false},"author":190,"featured_media":2055,"comment_status":"open","ping_status":"open","sticky":false,"template":"","format":"standard","meta":{"ngg_post_thumbnail":0,"footnotes":""},"categories":[1],"tags":[],"class_list":["post-2054","post","type-post","status-publish","format-standard","has-post-thumbnail","hentry","category-aktualnosci","clearfix"],"_links":{"self":[{"href":"https:\/\/przedszkole136.edu.wroclaw.pl\/index.php\/wp-json\/wp\/v2\/posts\/2054","targetHints":{"allow":["GET"]}}],"collection":[{"href":"https:\/\/przedszkole136.edu.wroclaw.pl\/index.php\/wp-json\/wp\/v2\/posts"}],"about":[{"href":"https:\/\/przedszkole136.edu.wroclaw.pl\/index.php\/wp-json\/wp\/v2\/types\/post"}],"author":[{"embeddable":true,"href":"https:\/\/przedszkole136.edu.wroclaw.pl\/index.php\/wp-json\/wp\/v2\/users\/190"}],"replies":[{"embeddable":true,"href":"https:\/\/przedszkole136.edu.wroclaw.pl\/index.php\/wp-json\/wp\/v2\/comments?post=2054"}],"version-history":[{"count":1,"href":"https:\/\/przedszkole136.edu.wroclaw.pl\/index.php\/wp-json\/wp\/v2\/posts\/2054\/revisions"}],"predecessor-version":[{"id":4239,"href":"https:\/\/przedszkole136.edu.wroclaw.pl\/index.php\/wp-json\/wp\/v2\/posts\/2054\/revisions\/4239"}],"wp:featuredmedia":[{"embeddable":true,"href":"https:\/\/przedszkole136.edu.wroclaw.pl\/index.php\/wp-json\/"}],"wp:attachment":[{"href":"https:\/\/przedszkole136.edu.wroclaw.pl\/index.php\/wp-json\/wp\/v2\/media?parent=2054"}],"wp:term":[{"taxonomy":"category","embeddable":true,"href":"https:\/\/przedszkole136.edu.wroclaw.pl\/index.php\/wp-json\/wp\/v2\/categories?post=2054"},{"taxonomy":"post_tag","embeddable":true,"href":"https:\/\/przedszkole136.edu.wroclaw.pl\/index.php\/wp-json\/wp\/v2\/tags?post=2054"}],"curies":[{"name":"wp","href":"https:\/\/api.w.org\/{rel}","templated":true}]}}