
{"id":2006,"date":"2019-10-15T11:19:04","date_gmt":"2019-10-15T09:19:04","guid":{"rendered":"http:\/\/maly-sportowiec.pl\/?p=2006"},"modified":"2021-04-08T08:13:57","modified_gmt":"2021-04-08T06:13:57","slug":"europa-wita-jesien","status":"publish","type":"post","link":"https:\/\/przedszkole136.edu.wroclaw.pl\/index.php\/2019\/10\/15\/europa-wita-jesien\/","title":{"rendered":"EUROPA WITA JESIE\u0143"},"content":{"rendered":"<p>\t\t\t\t<strong>10. 10\u00a0<\/strong>odby\u0142 si\u0119 przedszkolny przegl\u0105d &#8222;Europa wita jesie\u0144&#8221;. Ka\u017cda z grup zaprezentowa\u0142a piosenk\u0119 lub taniec charakterystyczny dla poszczeg\u00f3lnych kraj\u00f3w europejskich. Opowiadane te\u017c by\u0142y ciekawostki jak np. \u017ce Milka pochodzi z Niemiec, krecik z Czech, a pizza z W\u0142och. Owiedzili nas te\u017c &#8222;przybysze&#8221; z kraj\u00f3w takich jak: Grecja, Hiszpania, Niemcy, Czechy, W\u0142ochy i Francja.<\/p>\n<p>Mamy nadziej\u0119, \u017ce zaszczepili\u015bmy w dzieciach ch\u0119\u0107 odkrywania nowych kraj\u00f3w i poznawania Europy.<\/p>\n<p>&nbsp;\t\t<\/p>\n","protected":false},"excerpt":{"rendered":"<p>10. 10\u00a0odby\u0142 si\u0119 przedszkolny przegl\u0105d &#8222;Europa wita jesie\u0144&#8221;. Ka\u017cda z grup zaprezentowa\u0142a piosenk\u0119 lub taniec charakterystyczny dla poszczeg\u00f3lnych kraj\u00f3w europejskich. Opowiadane te\u017c by\u0142y ciekawostki jak np. \u017ce Milka pochodzi z [&hellip;]<\/p>\n","protected":false},"author":190,"featured_media":2007,"comment_status":"open","ping_status":"open","sticky":false,"template":"","format":"standard","meta":{"ngg_post_thumbnail":0,"footnotes":""},"categories":[1],"tags":[],"class_list":["post-2006","post","type-post","status-publish","format-standard","has-post-thumbnail","hentry","category-aktualnosci","clearfix"],"_links":{"self":[{"href":"https:\/\/przedszkole136.edu.wroclaw.pl\/index.php\/wp-json\/wp\/v2\/posts\/2006","targetHints":{"allow":["GET"]}}],"collection":[{"href":"https:\/\/przedszkole136.edu.wroclaw.pl\/index.php\/wp-json\/wp\/v2\/posts"}],"about":[{"href":"https:\/\/przedszkole136.edu.wroclaw.pl\/index.php\/wp-json\/wp\/v2\/types\/post"}],"author":[{"embeddable":true,"href":"https:\/\/przedszkole136.edu.wroclaw.pl\/index.php\/wp-json\/wp\/v2\/users\/190"}],"replies":[{"embeddable":true,"href":"https:\/\/przedszkole136.edu.wroclaw.pl\/index.php\/wp-json\/wp\/v2\/comments?post=2006"}],"version-history":[{"count":1,"href":"https:\/\/przedszkole136.edu.wroclaw.pl\/index.php\/wp-json\/wp\/v2\/posts\/2006\/revisions"}],"predecessor-version":[{"id":4240,"href":"https:\/\/przedszkole136.edu.wroclaw.pl\/index.php\/wp-json\/wp\/v2\/posts\/2006\/revisions\/4240"}],"wp:featuredmedia":[{"embeddable":true,"href":"https:\/\/przedszkole136.edu.wroclaw.pl\/index.php\/wp-json\/"}],"wp:attachment":[{"href":"https:\/\/przedszkole136.edu.wroclaw.pl\/index.php\/wp-json\/wp\/v2\/media?parent=2006"}],"wp:term":[{"taxonomy":"category","embeddable":true,"href":"https:\/\/przedszkole136.edu.wroclaw.pl\/index.php\/wp-json\/wp\/v2\/categories?post=2006"},{"taxonomy":"post_tag","embeddable":true,"href":"https:\/\/przedszkole136.edu.wroclaw.pl\/index.php\/wp-json\/wp\/v2\/tags?post=2006"}],"curies":[{"name":"wp","href":"https:\/\/api.w.org\/{rel}","templated":true}]}}