
{"id":1970,"date":"2019-10-02T13:23:17","date_gmt":"2019-10-02T11:23:17","guid":{"rendered":"http:\/\/maly-sportowiec.pl\/?p=1970"},"modified":"2021-04-08T08:13:57","modified_gmt":"2021-04-08T06:13:57","slug":"wycieczka-do-krzeptowa","status":"publish","type":"post","link":"https:\/\/przedszkole136.edu.wroclaw.pl\/index.php\/2019\/10\/02\/wycieczka-do-krzeptowa\/","title":{"rendered":"Wycieczka do Krzeptowa"},"content":{"rendered":"<p>\t\t\t\tPa\u017adziernik dzieci z grup:<strong> &#8222;Bieguski&#8221;, &#8222;Akrobaci&#8221;, &#8222;Mali Kolarze&#8221;<\/strong> oraz <strong>&#8222;Futboli\u015bci&#8221;<\/strong> rozpocz\u0119\u0142y wycieczka do Krzeptowa na &#8222;\u015awi\u0119to pieczonego ziemniaka&#8221;. Atrakcje zacz\u0119\u0142y si\u0119 ju\u017c pod samym przedszkolem gdzie przemi\u0142y Pan policjant, poprosi\u0142 o pomoc w sprawdzaniu autokaru kilku &#8222;Akrobat\u00f3w&#8221;. Mali pomocnicy dostali nawet na chwil\u0119 czapk\u0119 Pana policjanta.<img loading=\"lazy\" decoding=\"async\" class=\"size-medium wp-image-1971 alignright\" style=\"font-weight: bold\" src=\"http:\/\/maly-sportowiec.pl\/wp-content\/uploads\/2019\/10\/IMG_20191001_084048-225x300.jpg\" alt=\"\" width=\"225\" height=\"300\" \/><\/p>\n<p>Gdy dojechali\u015bmy na miejsce oczom dzieci ukaza\u0142 si\u0119 znany ju\u017c lecz powi\u0119kszony wymarzony plac zabaw z trampolin\u0105, domkiem drewnianym, traktorem, w\u00f3zkami oraz wieloma innymi atrakcjami. Ka\u017cda z grup kolejno uda\u0142a si\u0119 na wykopki gdzie ka\u017cdy pr\u00f3bowa\u0142 znale\u017a\u0107 jak najwi\u0119cej ziemniak\u00f3w. Mi\u0119dzy czasie w ognisku ca\u0142y czas piek\u0142y si\u0119 ziemniaczki w mundurkach. Po udanych wykopkach odby\u0142 si\u0119 konkurs na Kr\u00f3la Ziemniak\u00f3w. Nast\u0119pnie ka\u017cde z dzieci mog\u0142o zrobi\u0107 sobie zdj\u0119cie w ziemniaku, ch\u0119tnych oczywi\u015bcie nie zabrak\u0142o. Gdy ju\u017c ka\u017cdy spr\u00f3bowa\u0142 pieczonego ziemniaka z ogniska nadszed\u0142 czas na ostatni\u0105 ziemniaczan\u0105 atrakcje czyli &#8222;ziemniaczane je\u017ce&#8221;. Ka\u017cdy maluch zrobi\u0142 swojego wyj\u0105tkowego je\u017cyka. Opr\u00f3cz zaplanowanych ziemniaczanych atrakcji oraz zabaw na placu, du\u017cym zainteresowaniem cieszy\u0142y si\u0119 r\u00f3wnie\u017c kozy. Mali mi\u0142o\u015bnicy zwierz\u0105t przez ca\u0142y dzie\u0144 dbali by k\u00f3zki mia\u0142y du\u017co jedzenia \ud83d\ude42<\/p>\n<p><img loading=\"lazy\" decoding=\"async\" class=\"size-medium wp-image-1973 aligncenter\" src=\"http:\/\/maly-sportowiec.pl\/wp-content\/uploads\/2019\/10\/SI852014-300x225.jpg\" alt=\"\" width=\"300\" height=\"225\" \/><\/p>\n<p>Serdecznie dzi\u0119kujemy rodzicom, kt\u00f3rzy pomogli zorganizowa\u0107 wycieczk\u0119, kt\u00f3ra niew\u0105tpliwie bardzo podoba\u0142a si\u0119 dzieciom \ud83d\ude00\t\t<\/p>\n","protected":false},"excerpt":{"rendered":"<p>Pa\u017adziernik dzieci z grup: &#8222;Bieguski&#8221;, &#8222;Akrobaci&#8221;, &#8222;Mali Kolarze&#8221; oraz &#8222;Futboli\u015bci&#8221; rozpocz\u0119\u0142y wycieczka do Krzeptowa na &#8222;\u015awi\u0119to pieczonego ziemniaka&#8221;. Atrakcje zacz\u0119\u0142y si\u0119 ju\u017c pod samym przedszkolem gdzie przemi\u0142y Pan policjant, poprosi\u0142 [&hellip;]<\/p>\n","protected":false},"author":190,"featured_media":1972,"comment_status":"open","ping_status":"open","sticky":false,"template":"","format":"standard","meta":{"ngg_post_thumbnail":0,"footnotes":""},"categories":[1],"tags":[],"class_list":["post-1970","post","type-post","status-publish","format-standard","has-post-thumbnail","hentry","category-aktualnosci","clearfix"],"_links":{"self":[{"href":"https:\/\/przedszkole136.edu.wroclaw.pl\/index.php\/wp-json\/wp\/v2\/posts\/1970","targetHints":{"allow":["GET"]}}],"collection":[{"href":"https:\/\/przedszkole136.edu.wroclaw.pl\/index.php\/wp-json\/wp\/v2\/posts"}],"about":[{"href":"https:\/\/przedszkole136.edu.wroclaw.pl\/index.php\/wp-json\/wp\/v2\/types\/post"}],"author":[{"embeddable":true,"href":"https:\/\/przedszkole136.edu.wroclaw.pl\/index.php\/wp-json\/wp\/v2\/users\/190"}],"replies":[{"embeddable":true,"href":"https:\/\/przedszkole136.edu.wroclaw.pl\/index.php\/wp-json\/wp\/v2\/comments?post=1970"}],"version-history":[{"count":1,"href":"https:\/\/przedszkole136.edu.wroclaw.pl\/index.php\/wp-json\/wp\/v2\/posts\/1970\/revisions"}],"predecessor-version":[{"id":4245,"href":"https:\/\/przedszkole136.edu.wroclaw.pl\/index.php\/wp-json\/wp\/v2\/posts\/1970\/revisions\/4245"}],"wp:featuredmedia":[{"embeddable":true,"href":"https:\/\/przedszkole136.edu.wroclaw.pl\/index.php\/wp-json\/"}],"wp:attachment":[{"href":"https:\/\/przedszkole136.edu.wroclaw.pl\/index.php\/wp-json\/wp\/v2\/media?parent=1970"}],"wp:term":[{"taxonomy":"category","embeddable":true,"href":"https:\/\/przedszkole136.edu.wroclaw.pl\/index.php\/wp-json\/wp\/v2\/categories?post=1970"},{"taxonomy":"post_tag","embeddable":true,"href":"https:\/\/przedszkole136.edu.wroclaw.pl\/index.php\/wp-json\/wp\/v2\/tags?post=1970"}],"curies":[{"name":"wp","href":"https:\/\/api.w.org\/{rel}","templated":true}]}}