
{"id":1940,"date":"2019-09-26T07:56:10","date_gmt":"2019-09-26T05:56:10","guid":{"rendered":"http:\/\/maly-sportowiec.pl\/?p=1940"},"modified":"2021-04-08T08:14:17","modified_gmt":"2021-04-08T06:14:17","slug":"jedziemy-na-wycieczke-bierzemy-ziemniaczka-w-teczke","status":"publish","type":"post","link":"https:\/\/przedszkole136.edu.wroclaw.pl\/index.php\/2019\/09\/26\/jedziemy-na-wycieczke-bierzemy-ziemniaczka-w-teczke\/","title":{"rendered":"Jedziemy na wycieczk\u0119, bierzemy ziemniaczka w teczk\u0119 :)"},"content":{"rendered":"<p>\t\t\t\tDNIA <strong>1.10.2019<\/strong> (WTOREK) DZIECI Z GRUP: \u201eBIEGUSKI\u201d, AKROBACI\u201d, \u201eMALI KOLARZE\u201d, \u201eFUTBOLI\u015aCI\u201d PLANUJ\u0104 WYJAZD NA WYCIECZK\u0118 \u00a0DO KRZEPTOWA NA \u201e\u015aWI\u0118TO PIECZONEGO ZIEMNIAKA\u201d. <strong>KOSZT WYJAZDU TO 37 Z\u0141<\/strong> \u2013 W CENIE PRZEJAZD AUTOKAREM ORAZ POBYT W GOSPODARSTWIE AGROTURYSTYCZNYM.<\/p>\n<p>PROSIMY O DOKONYWANIE WP\u0141AT<br \/>\nU NAUCZYCIELEK NA GRUPACH <strong>DO 27.09.2019<\/strong>.<\/p>\n<p>W PROGRAMIE MI\u0118DZY INNYMI:<\/p>\n<ul>\n<li>WYKOPKI \u2013 PROSIMY O PRZYNIESIENIE KALOSZY<\/li>\n<li>OGNISKO<\/li>\n<li>KONKURSY<\/li>\n<li>ZABAWY NA PLACU ZABAW<\/li>\n<\/ul>\n<p>DZIECI WYJE\u017bD\u017bAJ\u0104CE NA WYCIECZK\u0118 B\u0118D\u0104 MIA\u0141Y ZAPEWNIONY SUCHY PROWIANT, CIEP\u0141\u0104 HERBAT\u0118 ORAZ PIECZONE ZIEMNIAKI. RODZIC\u00d3W PROSIMY O PRZYGOTOWANIE <strong>KALOSZY<\/strong>, KT\u00d3RE ZABIERZEMY DO AUTOKARU.<\/p>\n<p>TEGO DNIA PRZYPROWADZAMY DZIECI DO GODZINY <strong>7.45<\/strong> -\u015aNIADANIE ZJADAMY W PRZEDSZKOLU.\t\t<\/p>\n","protected":false},"excerpt":{"rendered":"<p>DNIA 1.10.2019 (WTOREK) DZIECI Z GRUP: \u201eBIEGUSKI\u201d, AKROBACI\u201d, \u201eMALI KOLARZE\u201d, \u201eFUTBOLI\u015aCI\u201d PLANUJ\u0104 WYJAZD NA WYCIECZK\u0118 \u00a0DO KRZEPTOWA NA \u201e\u015aWI\u0118TO PIECZONEGO ZIEMNIAKA\u201d. KOSZT WYJAZDU TO 37 Z\u0141 \u2013 W CENIE PRZEJAZD [&hellip;]<\/p>\n","protected":false},"author":190,"featured_media":1941,"comment_status":"open","ping_status":"open","sticky":false,"template":"","format":"standard","meta":{"ngg_post_thumbnail":0,"footnotes":""},"categories":[1],"tags":[],"class_list":["post-1940","post","type-post","status-publish","format-standard","has-post-thumbnail","hentry","category-aktualnosci","clearfix"],"_links":{"self":[{"href":"https:\/\/przedszkole136.edu.wroclaw.pl\/index.php\/wp-json\/wp\/v2\/posts\/1940","targetHints":{"allow":["GET"]}}],"collection":[{"href":"https:\/\/przedszkole136.edu.wroclaw.pl\/index.php\/wp-json\/wp\/v2\/posts"}],"about":[{"href":"https:\/\/przedszkole136.edu.wroclaw.pl\/index.php\/wp-json\/wp\/v2\/types\/post"}],"author":[{"embeddable":true,"href":"https:\/\/przedszkole136.edu.wroclaw.pl\/index.php\/wp-json\/wp\/v2\/users\/190"}],"replies":[{"embeddable":true,"href":"https:\/\/przedszkole136.edu.wroclaw.pl\/index.php\/wp-json\/wp\/v2\/comments?post=1940"}],"version-history":[{"count":1,"href":"https:\/\/przedszkole136.edu.wroclaw.pl\/index.php\/wp-json\/wp\/v2\/posts\/1940\/revisions"}],"predecessor-version":[{"id":4250,"href":"https:\/\/przedszkole136.edu.wroclaw.pl\/index.php\/wp-json\/wp\/v2\/posts\/1940\/revisions\/4250"}],"wp:featuredmedia":[{"embeddable":true,"href":"https:\/\/przedszkole136.edu.wroclaw.pl\/index.php\/wp-json\/"}],"wp:attachment":[{"href":"https:\/\/przedszkole136.edu.wroclaw.pl\/index.php\/wp-json\/wp\/v2\/media?parent=1940"}],"wp:term":[{"taxonomy":"category","embeddable":true,"href":"https:\/\/przedszkole136.edu.wroclaw.pl\/index.php\/wp-json\/wp\/v2\/categories?post=1940"},{"taxonomy":"post_tag","embeddable":true,"href":"https:\/\/przedszkole136.edu.wroclaw.pl\/index.php\/wp-json\/wp\/v2\/tags?post=1940"}],"curies":[{"name":"wp","href":"https:\/\/api.w.org\/{rel}","templated":true}]}}