
{"id":1925,"date":"2019-09-19T14:33:08","date_gmt":"2019-09-19T12:33:08","guid":{"rendered":"http:\/\/maly-sportowiec.pl\/?p=1925"},"modified":"2021-04-08T08:14:17","modified_gmt":"2021-04-08T06:14:17","slug":"zeby-zdrowe-zeby-miec-trzeba-tylko-chciec","status":"publish","type":"post","link":"https:\/\/przedszkole136.edu.wroclaw.pl\/index.php\/2019\/09\/19\/zeby-zdrowe-zeby-miec-trzeba-tylko-chciec\/","title":{"rendered":"\u017beby zdrowe z\u0119by mie\u0107, trzeba tylko chcie\u0107!"},"content":{"rendered":"<p>\t\t\t\t<strong>Dnia 20 i 23 wrze\u015bnia<\/strong>, dzieci z naszego przedszkola b\u0119d\u0105 mia\u0142y robiony przegl\u0105d stomatologiczny w gabinecie dentystycznym.<\/p>\n<p>W poniedzia\u0142ek <strong>23 wrze\u015bnia o d godziny 15.30<\/strong> w holu szatni przedszkola Pani stomatolog b\u0119dzie przedstawia\u0142a wyniki badania.\t\t<\/p>\n","protected":false},"excerpt":{"rendered":"<p>Dnia 20 i 23 wrze\u015bnia, dzieci z naszego przedszkola b\u0119d\u0105 mia\u0142y robiony przegl\u0105d stomatologiczny w gabinecie dentystycznym. W poniedzia\u0142ek 23 wrze\u015bnia o d godziny 15.30 w holu szatni przedszkola Pani [&hellip;]<\/p>\n","protected":false},"author":190,"featured_media":1926,"comment_status":"open","ping_status":"open","sticky":false,"template":"","format":"standard","meta":{"ngg_post_thumbnail":0,"footnotes":""},"categories":[1],"tags":[],"class_list":["post-1925","post","type-post","status-publish","format-standard","has-post-thumbnail","hentry","category-aktualnosci","clearfix"],"_links":{"self":[{"href":"https:\/\/przedszkole136.edu.wroclaw.pl\/index.php\/wp-json\/wp\/v2\/posts\/1925","targetHints":{"allow":["GET"]}}],"collection":[{"href":"https:\/\/przedszkole136.edu.wroclaw.pl\/index.php\/wp-json\/wp\/v2\/posts"}],"about":[{"href":"https:\/\/przedszkole136.edu.wroclaw.pl\/index.php\/wp-json\/wp\/v2\/types\/post"}],"author":[{"embeddable":true,"href":"https:\/\/przedszkole136.edu.wroclaw.pl\/index.php\/wp-json\/wp\/v2\/users\/190"}],"replies":[{"embeddable":true,"href":"https:\/\/przedszkole136.edu.wroclaw.pl\/index.php\/wp-json\/wp\/v2\/comments?post=1925"}],"version-history":[{"count":1,"href":"https:\/\/przedszkole136.edu.wroclaw.pl\/index.php\/wp-json\/wp\/v2\/posts\/1925\/revisions"}],"predecessor-version":[{"id":4253,"href":"https:\/\/przedszkole136.edu.wroclaw.pl\/index.php\/wp-json\/wp\/v2\/posts\/1925\/revisions\/4253"}],"wp:featuredmedia":[{"embeddable":true,"href":"https:\/\/przedszkole136.edu.wroclaw.pl\/index.php\/wp-json\/"}],"wp:attachment":[{"href":"https:\/\/przedszkole136.edu.wroclaw.pl\/index.php\/wp-json\/wp\/v2\/media?parent=1925"}],"wp:term":[{"taxonomy":"category","embeddable":true,"href":"https:\/\/przedszkole136.edu.wroclaw.pl\/index.php\/wp-json\/wp\/v2\/categories?post=1925"},{"taxonomy":"post_tag","embeddable":true,"href":"https:\/\/przedszkole136.edu.wroclaw.pl\/index.php\/wp-json\/wp\/v2\/tags?post=1925"}],"curies":[{"name":"wp","href":"https:\/\/api.w.org\/{rel}","templated":true}]}}