
{"id":1921,"date":"2019-09-19T14:23:20","date_gmt":"2019-09-19T12:23:20","guid":{"rendered":"http:\/\/maly-sportowiec.pl\/?p=1921"},"modified":"2021-04-08T08:14:17","modified_gmt":"2021-04-08T06:14:17","slug":"akrobaci-w-poszku-d","status":"publish","type":"post","link":"https:\/\/przedszkole136.edu.wroclaw.pl\/index.php\/2019\/09\/19\/akrobaci-w-poszku-d\/","title":{"rendered":"AKROBACI w POSZK&#8217;u :D"},"content":{"rendered":"<p>\t\t\t\t<strong>19 wrze\u015bnia<\/strong> grupa <strong>Akrobat\u00f3w<\/strong> zwiedzi\u0142a wroc\u0142awski Punkt Selektywnej Zbi\u00f3rki Odpad\u00f3w Komunalnych. Wygrywaj\u0105c akcje Rowerowy Maj otrzyma\u0142a nagrod\u0119 w postaci wycieczki do POSZOK&#8217;a. Dzieci obejrza\u0142y filmy edukacyjne z EkoJankiem o segregacji baterii oraz recyklingu plastiku. Pozna\u0142y ca\u0142\u0105 histori\u0119 jak z butelki powstaje polarowa czapeczka. Przypomnia\u0142y sobie do jakiego pojemnika wrzuca si\u0119 poszczeg\u00f3lne odpady. Nast\u0119pnie nasze maluchy obejrza\u0142y eksponaty z muzeum takie jak walkman, pralka Frania , telewizory i wiele wiele innych. Po zwiedzaniu muzeum dzieci posz\u0142y na spacer \u015bcie\u017cka edukacyjna po PSZOK&#8217;u odkrywaj\u0105c miejsca, w kt\u00f3rych mieszkaj\u0105 zu\u017cyte maszyny, materace oraz poznaj\u0105c co mo\u017ce powsta\u0107 np. z opony, gdzie na ko\u0144cu pozna\u0142y Krasnala <em>Recykliusza<\/em>. Na koniec ca\u0142a grupa otrzyma\u0142a upominki. Dzieci zosta\u0142y r\u00f3wnie\u017c zaproszone 6 pa\u017adziernika dzie\u0144 otwarty POSZOK&#8217;a, podczas kt\u00f3rego b\u0119dzie wiele atrakcji dla dzieci i ca\u0142ych rodzin, nagrody, zabawy oraz zdrowy pocz\u0119stunek.<\/p>\n<p><img loading=\"lazy\" decoding=\"async\" class=\"size-medium wp-image-1923 aligncenter\" src=\"http:\/\/maly-sportowiec.pl\/wp-content\/uploads\/2019\/09\/70323002_600449770486861_8673309613841448960_n-225x300.jpg\" alt=\"\" width=\"225\" height=\"300\" \/><\/p>\n<p>Mamy nadziej\u0119, \u017ce po takiej wycieczce coraz wi\u0119cej os\u00f3b zacznie segregowa\u0107 \u015bmieci, a wszystkich zainteresowanych segregacj\u0105, recyklingiem i edukacyjnymi filmami PSZOK zaprasza na swoj\u0105 stron\u0119:)\t\t<\/p>\n","protected":false},"excerpt":{"rendered":"<p>19 wrze\u015bnia grupa Akrobat\u00f3w zwiedzi\u0142a wroc\u0142awski Punkt Selektywnej Zbi\u00f3rki Odpad\u00f3w Komunalnych. Wygrywaj\u0105c akcje Rowerowy Maj otrzyma\u0142a nagrod\u0119 w postaci wycieczki do POSZOK&#8217;a. Dzieci obejrza\u0142y filmy edukacyjne z EkoJankiem o segregacji [&hellip;]<\/p>\n","protected":false},"author":190,"featured_media":1922,"comment_status":"open","ping_status":"open","sticky":false,"template":"","format":"standard","meta":{"ngg_post_thumbnail":0,"footnotes":""},"categories":[1],"tags":[],"class_list":["post-1921","post","type-post","status-publish","format-standard","has-post-thumbnail","hentry","category-aktualnosci","clearfix"],"_links":{"self":[{"href":"https:\/\/przedszkole136.edu.wroclaw.pl\/index.php\/wp-json\/wp\/v2\/posts\/1921","targetHints":{"allow":["GET"]}}],"collection":[{"href":"https:\/\/przedszkole136.edu.wroclaw.pl\/index.php\/wp-json\/wp\/v2\/posts"}],"about":[{"href":"https:\/\/przedszkole136.edu.wroclaw.pl\/index.php\/wp-json\/wp\/v2\/types\/post"}],"author":[{"embeddable":true,"href":"https:\/\/przedszkole136.edu.wroclaw.pl\/index.php\/wp-json\/wp\/v2\/users\/190"}],"replies":[{"embeddable":true,"href":"https:\/\/przedszkole136.edu.wroclaw.pl\/index.php\/wp-json\/wp\/v2\/comments?post=1921"}],"version-history":[{"count":1,"href":"https:\/\/przedszkole136.edu.wroclaw.pl\/index.php\/wp-json\/wp\/v2\/posts\/1921\/revisions"}],"predecessor-version":[{"id":4254,"href":"https:\/\/przedszkole136.edu.wroclaw.pl\/index.php\/wp-json\/wp\/v2\/posts\/1921\/revisions\/4254"}],"wp:featuredmedia":[{"embeddable":true,"href":"https:\/\/przedszkole136.edu.wroclaw.pl\/index.php\/wp-json\/"}],"wp:attachment":[{"href":"https:\/\/przedszkole136.edu.wroclaw.pl\/index.php\/wp-json\/wp\/v2\/media?parent=1921"}],"wp:term":[{"taxonomy":"category","embeddable":true,"href":"https:\/\/przedszkole136.edu.wroclaw.pl\/index.php\/wp-json\/wp\/v2\/categories?post=1921"},{"taxonomy":"post_tag","embeddable":true,"href":"https:\/\/przedszkole136.edu.wroclaw.pl\/index.php\/wp-json\/wp\/v2\/tags?post=1921"}],"curies":[{"name":"wp","href":"https:\/\/api.w.org\/{rel}","templated":true}]}}